{"id":290,"date":"2024-08-14T20:24:10","date_gmt":"2024-08-14T23:24:10","guid":{"rendered":"https:\/\/mnemocine.com.br\/?p=290"},"modified":"2024-08-14T20:30:54","modified_gmt":"2024-08-14T23:30:54","slug":"kinoforum-mostra-brasil-12-que-universo-e-esse","status":"publish","type":"post","link":"https:\/\/mnemocine.com.br\/?p=290","title":{"rendered":"Kinoforum | Mostra Brasil 12 &#8211; Que universo \u00e9 esse?"},"content":{"rendered":"\n<p>Por Taline Caetano<\/p>\n\n\n\n<p><em>Na Mostra Brasil XII do Festival Kinoforum, denominada \u201cQue universo \u00e9 esse?\u201d, a curadoria apresenta filmes de olhar emp\u00e1tico e sens\u00edvel sobre as pessoas e suas rela\u00e7\u00f5es consigo mesmas, com os outros e com o mundo.<\/em><\/p>\n\n\n\n<p>A Mostra Brasil \u00e9 a maior do festival Kinoforum, contando com m\u00faltiplas divis\u00f5es que abarcam diferentes temas, tratados por seletos curtas-metragens brasileiros deste e do \u00faltimo ano. Na 12\u00aa divis\u00e3o, denominada \u201cQue Universo \u00e9 Esse?\u201d, cinco filmes discutem de formas diferentes o que \u00e9 estar no mundo e se entender nele, quais dificuldades nos s\u00e3o postas e o que elas causam.<\/p>\n\n\n<div class=\"wp-block-image\">\n<figure class=\"aligncenter size-full\"><img loading=\"lazy\" decoding=\"async\" width=\"1024\" height=\"1024\" src=\"https:\/\/mnemocine.com.br\/wp-content\/uploads\/2024\/08\/O-ChaI_-de-Alice-de-Simone-Spoladore-Brasil.jpeg\" alt=\"\" class=\"wp-image-291\" srcset=\"https:\/\/mnemocine.com.br\/wp-content\/uploads\/2024\/08\/O-ChaI_-de-Alice-de-Simone-Spoladore-Brasil.jpeg 1024w, https:\/\/mnemocine.com.br\/wp-content\/uploads\/2024\/08\/O-ChaI_-de-Alice-de-Simone-Spoladore-Brasil-300x300.jpeg 300w, https:\/\/mnemocine.com.br\/wp-content\/uploads\/2024\/08\/O-ChaI_-de-Alice-de-Simone-Spoladore-Brasil-150x150.jpeg 150w, https:\/\/mnemocine.com.br\/wp-content\/uploads\/2024\/08\/O-ChaI_-de-Alice-de-Simone-Spoladore-Brasil-768x768.jpeg 768w\" sizes=\"auto, (max-width: 1024px) 100vw, 1024px\" \/><\/figure>\n<\/div>\n\n\n<p>No primeiro filme da mostra, <em>O Ch\u00e1 de Alice <\/em>(2022) dirigido por Simone Spoladore, temos uma releitura do conto de \u201cAlice no Pa\u00eds das Maravilhas\u201d (Lewis Caroll), mais especificamente no ch\u00e1 da tarde que a garota tem com o chapeleiro maluco. O filme exalta o torpor do local m\u00e1gico que \u00e9 o Pa\u00eds das Maravilhas, uma vez que Alice passa a maior parte do tempo dormindo ou andando de forma sonamb\u00falica. Enquanto dorme, os personagens ao seu redor discutem o seu destino e a sua situa\u00e7\u00e3o, lhe impedindo de interferir por n\u00e3o estar acordada. O grande questionamento posto \u00e9 que na verdade ela tem muito mais controle de&nbsp; si do que os seus companheiros de aventura julgam, se colocando como tal ao desenvolver do id\u00edlico filme, entretanto, seu cansa\u00e7o e dorm\u00eancia s\u00e3o obst\u00e1culos para que ela consiga se expressar. Esse estado nos traz uma rela\u00e7\u00e3o com a juventude atual, com o status da mulher contempor\u00e2nea que luta por seu lugar mesmo sendo superestimulada.&nbsp;<\/p>\n\n\n\n<p>Com visuais interessantes e uma fotografia estilizada, o curta sabe como tratar, atrav\u00e9s de uma alegoria psicol\u00f3gica, a vis\u00e3o de uma jovem mulher que, apesar de parecer perdida, sabe muito bem para onde vai.<\/p>\n\n\n<div class=\"wp-block-image\">\n<figure class=\"aligncenter size-large\"><img loading=\"lazy\" decoding=\"async\" width=\"1024\" height=\"576\" src=\"https:\/\/mnemocine.com.br\/wp-content\/uploads\/2024\/08\/Tapuia-de-BegeI_-Muniz-e-Kay-Sara-Brasil-1024x576.png\" alt=\"\" class=\"wp-image-292\" srcset=\"https:\/\/mnemocine.com.br\/wp-content\/uploads\/2024\/08\/Tapuia-de-BegeI_-Muniz-e-Kay-Sara-Brasil-1024x576.png 1024w, https:\/\/mnemocine.com.br\/wp-content\/uploads\/2024\/08\/Tapuia-de-BegeI_-Muniz-e-Kay-Sara-Brasil-300x169.png 300w, https:\/\/mnemocine.com.br\/wp-content\/uploads\/2024\/08\/Tapuia-de-BegeI_-Muniz-e-Kay-Sara-Brasil-768x432.png 768w, https:\/\/mnemocine.com.br\/wp-content\/uploads\/2024\/08\/Tapuia-de-BegeI_-Muniz-e-Kay-Sara-Brasil-1536x865.png 1536w, https:\/\/mnemocine.com.br\/wp-content\/uploads\/2024\/08\/Tapuia-de-BegeI_-Muniz-e-Kay-Sara-Brasil.png 1647w\" sizes=\"auto, (max-width: 1024px) 100vw, 1024px\" \/><\/figure>\n<\/div>\n\n\n<p>Em seguida vem o filme <em>Tapuia (2022)<\/em>, dirigido por Beg\u00ea Muniz e Kay Sara. A hist\u00f3ria remonta ao sangrento passado da coloniza\u00e7\u00e3o, imigra\u00e7\u00e3o e explora\u00e7\u00e3o dos povos ind\u00edgenas e suas terras no Brasil. Ar\u00fa \u00e9 uma mulher ind\u00edgena que foge de dois exploradores brancos logo ap\u00f3s as suas tropas terem destru\u00eddo sua aldeia e matado todos os seus habitantes. Apesar de ser a \u00fanica sobrevivente, ela tem ferimentos profundos e \u00e9 encontrada por Bianca, uma italiana imigrante que vive em uma fazenda pr\u00f3xima. Bianca a ajuda e lhe fornece comida, mas a sua fam\u00edlia n\u00e3o aprova a decis\u00e3o e se preocupa com a chegada dos matadores.&nbsp;<\/p>\n\n\n\n<p>O curta-metragem trata de um assunto muito importante e apagado na hist\u00f3ria brasileira,&nbsp; fazendo-o de forma bela ao contemplar os espa\u00e7os em que se passa.&nbsp; A rela\u00e7\u00e3o de Bianca e Ar\u00fa \u00e9 bem did\u00e1tica e traz o peso das diferen\u00e7as em como as suas origens s\u00e3o tratadas, a do imigrante europeu que invade&nbsp; terras contraposta ao habitante origin\u00e1rio que \u00e9 expulso e morto. \u00c9 um filme potente e de grande relev\u00e2ncia sobre a forma\u00e7\u00e3o hist\u00f3rica brasileira.<\/p>\n\n\n<div class=\"wp-block-image\">\n<figure class=\"aligncenter size-large\"><img loading=\"lazy\" decoding=\"async\" width=\"1024\" height=\"576\" src=\"https:\/\/mnemocine.com.br\/wp-content\/uploads\/2024\/08\/Deixa-de-Mariana-Jaspe-Brasil-1024x576.jpeg\" alt=\"\" class=\"wp-image-293\" srcset=\"https:\/\/mnemocine.com.br\/wp-content\/uploads\/2024\/08\/Deixa-de-Mariana-Jaspe-Brasil-1024x576.jpeg 1024w, https:\/\/mnemocine.com.br\/wp-content\/uploads\/2024\/08\/Deixa-de-Mariana-Jaspe-Brasil-300x169.jpeg 300w, https:\/\/mnemocine.com.br\/wp-content\/uploads\/2024\/08\/Deixa-de-Mariana-Jaspe-Brasil-768x432.jpeg 768w, https:\/\/mnemocine.com.br\/wp-content\/uploads\/2024\/08\/Deixa-de-Mariana-Jaspe-Brasil-1536x864.jpeg 1536w, https:\/\/mnemocine.com.br\/wp-content\/uploads\/2024\/08\/Deixa-de-Mariana-Jaspe-Brasil-2048x1152.jpeg 2048w\" sizes=\"auto, (max-width: 1024px) 100vw, 1024px\" \/><\/figure>\n<\/div>\n\n\n<p><em>Deixa <\/em>(2023), de Mariana Jaspe, \u00e9 o terceiro filme da divis\u00e3o. Ele aborda a hist\u00f3ria de Carmem, uma mulher de cerca de 60 anos que recebe uma liga\u00e7\u00e3o do&nbsp; marido preso, que lhe diz que ir\u00e1 voltar. Ela&nbsp; fica furiosa e tensa, interferindo&nbsp; em seu relacionamento atual com Pedro, um homem mais novo que a ama muito. O curta&nbsp; trata de diversos limites que s\u00e3o impostos \u00e0 mulher, desde a&nbsp; suposta devo\u00e7\u00e3o a um marido ausente e inconsequente at\u00e9 a sua inseguran\u00e7a em&nbsp; se relacionar com um homem mais jovem do que ela e todos os preconceitos consequentes disso.&nbsp;<\/p>\n\n\n\n<p>O romance entre Carmem e Pedro \u00e9 acolhedor, as suas cenas trazem uma conex\u00e3o que vai al\u00e9m das apar\u00eancias e moldes da sociedade. Enquanto isso, mesmo longe e sem contato com ela, seu marido ainda a coloca em um lugar de submiss\u00e3o e servid\u00e3o. Ao trazer esses questionamentos, o filme retrata com delicadeza a situa\u00e7\u00e3o dessa mulher, que apesar da grande for\u00e7a , demonstra&nbsp; fragilidades e medos, tentando manter&nbsp; a esperan\u00e7a de&nbsp; ser feliz \u00e0 sua pr\u00f3pria maneira.&nbsp;<\/p>\n\n\n\n<p>O papel da mulher \u00e9 um dos temas mais discutidos nos dias de hoje, mas muitas vezes falta um olhar carinhoso para as personagens femininas no cinema. Mariana Jaspe traz esse&nbsp; frescor e uma liberdade importantes para as telas de cinema atualmente,. Isso faz de <em>Deixa<\/em> um filme belo e potente em seu equil\u00edbrio e cr\u00edtica.<\/p>\n\n\n<div class=\"wp-block-image\">\n<figure class=\"aligncenter size-large\"><img loading=\"lazy\" decoding=\"async\" width=\"1024\" height=\"430\" src=\"https:\/\/mnemocine.com.br\/wp-content\/uploads\/2024\/08\/Quentinha-de-Rwanyto-Oscar-Santos-Brasil-1024x430.png\" alt=\"\" class=\"wp-image-294\" srcset=\"https:\/\/mnemocine.com.br\/wp-content\/uploads\/2024\/08\/Quentinha-de-Rwanyto-Oscar-Santos-Brasil-1024x430.png 1024w, https:\/\/mnemocine.com.br\/wp-content\/uploads\/2024\/08\/Quentinha-de-Rwanyto-Oscar-Santos-Brasil-300x126.png 300w, https:\/\/mnemocine.com.br\/wp-content\/uploads\/2024\/08\/Quentinha-de-Rwanyto-Oscar-Santos-Brasil-768x322.png 768w, https:\/\/mnemocine.com.br\/wp-content\/uploads\/2024\/08\/Quentinha-de-Rwanyto-Oscar-Santos-Brasil-1536x645.png 1536w, https:\/\/mnemocine.com.br\/wp-content\/uploads\/2024\/08\/Quentinha-de-Rwanyto-Oscar-Santos-Brasil.png 1920w\" sizes=\"auto, (max-width: 1024px) 100vw, 1024px\" \/><\/figure>\n<\/div>\n\n\n<p>O pr\u00f3ximo filme da 12\u00aa divis\u00e3o da Mostra Brasil \u00e9 <em>Quentinha <\/em>(2022), de Rwanyto Oscar Santos. De forma vibrante e divertida, o filme nos mostra um pouco da vida do jovem casal Wesley e Simone, que ganha a vida cozinhando e entregando marmitas em sua regi\u00e3o. Wesley n\u00e3o est\u00e1 satisfeito com os ganhos e tenta expandir a sua \u00e1rea de entrega. Por sua vez, Simone tamb\u00e9m demonstra interesse em aumentar os ganhos mensais, mas ainda n\u00e3o sabe&nbsp; como. Logo vemos que Wesley n\u00e3o apenas entrega marmitas, e sim oferece servi\u00e7os \u00edntimos junto \u00e0s entregas de comida.<\/p>\n\n\n\n<p>A rela\u00e7\u00e3o do casal se d\u00e1 de forma casual e informal, dando aos dois uma intimidade muito interessante. As dificuldades econ\u00f4micas e suas implica\u00e7\u00f5es n\u00e3o se colocam acima da uni\u00e3o dos personagens, trazendo uma leveza e descontra\u00e7\u00e3o \u00e1 hist\u00f3ria. \u00c9 muito interessante ver filmes que tratam do Brasil como ele \u00e9, com suas contradi\u00e7\u00f5es e qualidades, sem que se tente&nbsp; esconder as suas condi\u00e7\u00f5es&nbsp; ou mud\u00e1-lo. Rwanyto acerta na dire\u00e7\u00e3o contemplativa e focada nos locais compartilhados pelo casal, dedicando muita empatia aos&nbsp; seus personagens ao&nbsp; inseri-los naquele universo t\u00e3o real e brasileiro.<\/p>\n\n\n<div class=\"wp-block-image\">\n<figure class=\"aligncenter size-full\"><img loading=\"lazy\" decoding=\"async\" width=\"770\" height=\"321\" src=\"https:\/\/mnemocine.com.br\/wp-content\/uploads\/2024\/08\/WhatsApp-Image-2024-08-14-at-20.30.03.jpeg\" alt=\"\" class=\"wp-image-301\" srcset=\"https:\/\/mnemocine.com.br\/wp-content\/uploads\/2024\/08\/WhatsApp-Image-2024-08-14-at-20.30.03.jpeg 770w, https:\/\/mnemocine.com.br\/wp-content\/uploads\/2024\/08\/WhatsApp-Image-2024-08-14-at-20.30.03-300x125.jpeg 300w, https:\/\/mnemocine.com.br\/wp-content\/uploads\/2024\/08\/WhatsApp-Image-2024-08-14-at-20.30.03-768x320.jpeg 768w\" sizes=\"auto, (max-width: 770px) 100vw, 770px\" \/><\/figure>\n<\/div>\n\n\n<p><em>As Mi\u00e7angas (2023)<\/em>, de Emanuel Lavor e Rafaela Camelo, \u00e9 o filme que fecha essa divis\u00e3o e traz um outro olhar sobre a rela\u00e7\u00e3o entre a mulher, seu corpo e seu espa\u00e7o no mundo. Tamb\u00e9m exibido na Mostra Competitiva da Berlinale de 2023, o curta-metragem tem um ritmo e um entendimento de tempo muito agu\u00e7ados. Atrav\u00e9s da&nbsp; rela\u00e7\u00e3o de duas irm\u00e3s que fazem um retiro em uma fazenda, o filme revela aos poucos os seus motivos e inten\u00e7\u00f5es. A rela\u00e7\u00e3o das irm\u00e3s \u00e9 marcada por uma apatia vinda do desconforto com uma gravidez indesejada e o poss\u00edvel aborto que est\u00e1 por vir. O espa\u00e7o da mulher como genitora \u00e9 colocado pela sociedade como o mais importante de sua vida, mas a dicotomia entre o amor e o distanciamento das irm\u00e3s explicita como este espa\u00e7o pr\u00e9-concebido ignora e p\u00f5e em jogo as outras rela\u00e7\u00f5es em suas vidas.<\/p>\n\n\n\n<p>Enquanto as duas mulheres convivem naquele espa\u00e7o, \u00e9 mostrada uma cobra que vagueia pela&nbsp; casa,&nbsp; quase&nbsp; uma miragem que invade lentamente o espa\u00e7o t\u00e3o pessoal daquelas garotas. Na mitologia (principalmente ocidental e crist\u00e3), a cobra \u00e9 geralmente colocada como s\u00edmbolo de perigo, pecado e trai\u00e7\u00e3o. No filme, ela surge justamente como uma invasora na casa pela qual passa despercebida de in\u00edcio, mas \u00e9 expulsa ao final, sem sofrer qualquer julgamento. O animal vem como uma dicotomia nesta narrativa: a invas\u00e3o e o pertencimento. Ela diz muito sobre como algo indesejado e que pode causar extremo medo, pode ser expulso de forma n\u00e3o-violenta, apenas \u00e9 recolocado para seguir seu curso natural. Sendo assim, a forma como&nbsp; o filme trata o aborto e a rela\u00e7\u00e3o entre mulheres \u00e9 de extrema compaix\u00e3o, abrindo um olhar sutil sobre a mulher jovem, em crise com o seu pr\u00f3prio corpo, e o papel na fam\u00edlia e sociedade, que aqui n\u00e3o julga mas lhe d\u00e1 a possibilidade de se mostrar como \u00e9.&nbsp;<\/p>\n\n\n\n<p>A sele\u00e7\u00e3o de filmes da 12\u00aa Mostra Brasil do Festival Kinoforum: \u201cQue universo \u00e9 esse?\u201d consegue abranger estilos cinematogr\u00e1ficos e pautas muito distintas, mas que se interligam de forma a criar uma curadoria perspicaz, que celebra as diferen\u00e7as e como elas convivem em na sociedade, trazendo filmes que nos oferecem um olhar emp\u00e1tico e sens\u00edvel sobre as pessoas e suas rela\u00e7\u00f5es consigo mesmas, com os outros e com o mundo.<\/p>\n\n\n\n<p><strong>Biografia<\/strong><\/p>\n\n\n\n<p>Taline Caetano \u00e9 formada em Cinema na FAAP. Tendo seu trabalho enfocado na Dire\u00e7\u00e3o de Arte, sempre busca explorar a rela\u00e7\u00e3o entre a narrativa e a imagem. Entrou na Mnemocine em 2023, ao cobrir a Berlinale e a Mostra Kinoforum do mesmo ano.<\/p>\n","protected":false},"excerpt":{"rendered":"<p>Por Taline Caetano Na Mostra Brasil XII do Festival Kinoforum, denominada \u201cQue universo \u00e9 esse?\u201d, a curadoria apresenta filmes de olhar emp\u00e1tico e sens\u00edvel sobre as pessoas e suas rela\u00e7\u00f5es consigo mesmas, com os outros e com o mundo. A Mostra Brasil \u00e9 a maior do festival Kinoforum, contando com m\u00faltiplas divis\u00f5es que abarcam diferentes [&hellip;]<\/p>\n","protected":false},"author":8,"featured_media":293,"comment_status":"open","ping_status":"open","sticky":false,"template":"","format":"standard","meta":{"_monsterinsights_skip_tracking":false,"_monsterinsights_sitenote_active":false,"_monsterinsights_sitenote_note":"","_monsterinsights_sitenote_category":0,"_jetpack_memberships_contains_paid_content":false,"footnotes":""},"categories":[5],"tags":[],"class_list":["post-290","post","type-post","status-publish","format-standard","has-post-thumbnail","hentry","category-cinema"],"jetpack_featured_media_url":"https:\/\/mnemocine.com.br\/wp-content\/uploads\/2024\/08\/Deixa-de-Mariana-Jaspe-Brasil-scaled.jpeg","jetpack_sharing_enabled":true,"_links":{"self":[{"href":"https:\/\/mnemocine.com.br\/index.php?rest_route=\/wp\/v2\/posts\/290","targetHints":{"allow":["GET"]}}],"collection":[{"href":"https:\/\/mnemocine.com.br\/index.php?rest_route=\/wp\/v2\/posts"}],"about":[{"href":"https:\/\/mnemocine.com.br\/index.php?rest_route=\/wp\/v2\/types\/post"}],"author":[{"embeddable":true,"href":"https:\/\/mnemocine.com.br\/index.php?rest_route=\/wp\/v2\/users\/8"}],"replies":[{"embeddable":true,"href":"https:\/\/mnemocine.com.br\/index.php?rest_route=%2Fwp%2Fv2%2Fcomments&post=290"}],"version-history":[{"count":3,"href":"https:\/\/mnemocine.com.br\/index.php?rest_route=\/wp\/v2\/posts\/290\/revisions"}],"predecessor-version":[{"id":302,"href":"https:\/\/mnemocine.com.br\/index.php?rest_route=\/wp\/v2\/posts\/290\/revisions\/302"}],"wp:featuredmedia":[{"embeddable":true,"href":"https:\/\/mnemocine.com.br\/index.php?rest_route=\/wp\/v2\/media\/293"}],"wp:attachment":[{"href":"https:\/\/mnemocine.com.br\/index.php?rest_route=%2Fwp%2Fv2%2Fmedia&parent=290"}],"wp:term":[{"taxonomy":"category","embeddable":true,"href":"https:\/\/mnemocine.com.br\/index.php?rest_route=%2Fwp%2Fv2%2Fcategories&post=290"},{"taxonomy":"post_tag","embeddable":true,"href":"https:\/\/mnemocine.com.br\/index.php?rest_route=%2Fwp%2Fv2%2Ftags&post=290"}],"curies":[{"name":"wp","href":"https:\/\/api.w.org\/{rel}","templated":true}]}}