{"id":65,"date":"2024-01-01T11:16:35","date_gmt":"2024-01-01T14:16:35","guid":{"rendered":"http:\/\/mnemocine.com.br\/?p=65"},"modified":"2025-06-12T00:56:52","modified_gmt":"2025-06-12T03:56:52","slug":"oficina-critica-curta","status":"publish","type":"post","link":"https:\/\/mnemocine.com.br\/?p=65","title":{"rendered":"Oficina Cr\u00edtica Curta"},"content":{"rendered":"\n<p>Inscri\u00e7\u00f5es Abertas: Cr\u00edtica Curta \ud83d\udcbb<br>Estudantes de cinema e \u00e1reas relacionadas, essa \u00e9 a sua chance de se aprofundar na cr\u00edtica cinematogr\u00e1fica com nossa oficina!<br>Neste ano, o Kinoforum se une ao portal Mnemocine, que h\u00e1 24 anos \u00e9 refer\u00eancia em cr\u00edtica e pesquisa das imagens em movimento.<br>A oficina ter\u00e1 4 aulas sobre cr\u00edtica cinematogr\u00e1fica, incluindo uma aula inaugural aberta da pesquisadora, cr\u00edtica e curadora K\u00eania Freita. Os alunos realizar\u00e3o a escrita de um texto cr\u00edtico sobre um filme do 35\u00ba Festival Internacional de Curtas de S\u00e3o Paulo, com o apoio dos nossos professores. \ud83d\udcdd<\/p>\n\n\n\n<p>\ud83d\udd17 Inscreva-se at\u00e9 05\/08 <\/p>\n\n\n\n<p><a href=\"https:\/\/docs.google.com\/forms\/d\/e\/1FAIpQLSdI9-tVlN2f3sQeG5EvJji9HPaL_sO4CYPO0sJsq-OIEmPDXA\/viewform\">https:\/\/docs.google.com\/forms\/d\/e\/1FAIpQLSdI9-tVlN2f3sQeG5EvJji9HPaL_sO4CYPO0sJsq-OIEmPDXA\/viewform<\/a><\/p>\n\n\n\n<p><\/p>\n\n\n\n<figure class=\"wp-block-gallery has-nested-images columns-5 is-cropped wp-block-gallery-1 is-layout-flex wp-block-gallery-is-layout-flex\">\n<figure class=\"wp-block-image size-large\"><img loading=\"lazy\" decoding=\"async\" width=\"819\" height=\"1024\" data-id=\"74\" src=\"http:\/\/mnemocine.com.br\/wp-content\/uploads\/2024\/07\/Captura-de-Tela-2024-07-31-as-11.13.59-1-819x1024.png\" alt=\"\" class=\"wp-image-74\" srcset=\"https:\/\/mnemocine.com.br\/wp-content\/uploads\/2024\/07\/Captura-de-Tela-2024-07-31-as-11.13.59-1-819x1024.png 819w, https:\/\/mnemocine.com.br\/wp-content\/uploads\/2024\/07\/Captura-de-Tela-2024-07-31-as-11.13.59-1-240x300.png 240w, https:\/\/mnemocine.com.br\/wp-content\/uploads\/2024\/07\/Captura-de-Tela-2024-07-31-as-11.13.59-1-768x961.png 768w, https:\/\/mnemocine.com.br\/wp-content\/uploads\/2024\/07\/Captura-de-Tela-2024-07-31-as-11.13.59-1-1228x1536.png 1228w, https:\/\/mnemocine.com.br\/wp-content\/uploads\/2024\/07\/Captura-de-Tela-2024-07-31-as-11.13.59-1-1637x2048.png 1637w, https:\/\/mnemocine.com.br\/wp-content\/uploads\/2024\/07\/Captura-de-Tela-2024-07-31-as-11.13.59-1.png 1992w\" sizes=\"auto, (max-width: 819px) 100vw, 819px\" \/><\/figure>\n\n\n\n<figure class=\"wp-block-image size-large\"><img loading=\"lazy\" decoding=\"async\" width=\"821\" height=\"1024\" data-id=\"76\" src=\"http:\/\/mnemocine.com.br\/wp-content\/uploads\/2024\/07\/Captura-de-Tela-2024-07-31-as-11.34.34-821x1024.png\" alt=\"\" class=\"wp-image-76\" srcset=\"https:\/\/mnemocine.com.br\/wp-content\/uploads\/2024\/07\/Captura-de-Tela-2024-07-31-as-11.34.34-821x1024.png 821w, https:\/\/mnemocine.com.br\/wp-content\/uploads\/2024\/07\/Captura-de-Tela-2024-07-31-as-11.34.34-240x300.png 240w, https:\/\/mnemocine.com.br\/wp-content\/uploads\/2024\/07\/Captura-de-Tela-2024-07-31-as-11.34.34-768x958.png 768w, https:\/\/mnemocine.com.br\/wp-content\/uploads\/2024\/07\/Captura-de-Tela-2024-07-31-as-11.34.34-1231x1536.png 1231w, https:\/\/mnemocine.com.br\/wp-content\/uploads\/2024\/07\/Captura-de-Tela-2024-07-31-as-11.34.34-1641x2048.png 1641w, https:\/\/mnemocine.com.br\/wp-content\/uploads\/2024\/07\/Captura-de-Tela-2024-07-31-as-11.34.34.png 2002w\" sizes=\"auto, (max-width: 821px) 100vw, 821px\" \/><\/figure>\n\n\n\n<figure class=\"wp-block-image size-large is-style-default\"><img loading=\"lazy\" decoding=\"async\" width=\"820\" height=\"1024\" data-id=\"77\" src=\"http:\/\/mnemocine.com.br\/wp-content\/uploads\/2024\/07\/Captura-de-Tela-2024-07-31-as-11.34.44-820x1024.png\" alt=\"\" class=\"wp-image-77\" srcset=\"https:\/\/mnemocine.com.br\/wp-content\/uploads\/2024\/07\/Captura-de-Tela-2024-07-31-as-11.34.44-820x1024.png 820w, https:\/\/mnemocine.com.br\/wp-content\/uploads\/2024\/07\/Captura-de-Tela-2024-07-31-as-11.34.44-240x300.png 240w, https:\/\/mnemocine.com.br\/wp-content\/uploads\/2024\/07\/Captura-de-Tela-2024-07-31-as-11.34.44-768x959.png 768w, https:\/\/mnemocine.com.br\/wp-content\/uploads\/2024\/07\/Captura-de-Tela-2024-07-31-as-11.34.44-1231x1536.png 1231w, https:\/\/mnemocine.com.br\/wp-content\/uploads\/2024\/07\/Captura-de-Tela-2024-07-31-as-11.34.44-1641x2048.png 1641w, https:\/\/mnemocine.com.br\/wp-content\/uploads\/2024\/07\/Captura-de-Tela-2024-07-31-as-11.34.44.png 1998w\" sizes=\"auto, (max-width: 820px) 100vw, 820px\" \/><\/figure>\n\n\n\n<figure class=\"wp-block-image size-large\"><img loading=\"lazy\" decoding=\"async\" width=\"820\" height=\"1024\" data-id=\"75\" src=\"http:\/\/mnemocine.com.br\/wp-content\/uploads\/2024\/07\/Captura-de-Tela-2024-07-31-as-11.34.57-820x1024.png\" alt=\"\" class=\"wp-image-75\" srcset=\"https:\/\/mnemocine.com.br\/wp-content\/uploads\/2024\/07\/Captura-de-Tela-2024-07-31-as-11.34.57-820x1024.png 820w, https:\/\/mnemocine.com.br\/wp-content\/uploads\/2024\/07\/Captura-de-Tela-2024-07-31-as-11.34.57-240x300.png 240w, https:\/\/mnemocine.com.br\/wp-content\/uploads\/2024\/07\/Captura-de-Tela-2024-07-31-as-11.34.57-768x959.png 768w, https:\/\/mnemocine.com.br\/wp-content\/uploads\/2024\/07\/Captura-de-Tela-2024-07-31-as-11.34.57-1231x1536.png 1231w, https:\/\/mnemocine.com.br\/wp-content\/uploads\/2024\/07\/Captura-de-Tela-2024-07-31-as-11.34.57-1641x2048.png 1641w, https:\/\/mnemocine.com.br\/wp-content\/uploads\/2024\/07\/Captura-de-Tela-2024-07-31-as-11.34.57.png 1998w\" sizes=\"auto, (max-width: 820px) 100vw, 820px\" \/><\/figure>\n\n\n\n<figure class=\"wp-block-image size-large\"><img loading=\"lazy\" decoding=\"async\" width=\"818\" height=\"1024\" data-id=\"78\" src=\"http:\/\/mnemocine.com.br\/wp-content\/uploads\/2024\/07\/Captura-de-Tela-2024-07-31-as-11.35.12-818x1024.png\" alt=\"\" class=\"wp-image-78\" srcset=\"https:\/\/mnemocine.com.br\/wp-content\/uploads\/2024\/07\/Captura-de-Tela-2024-07-31-as-11.35.12-818x1024.png 818w, https:\/\/mnemocine.com.br\/wp-content\/uploads\/2024\/07\/Captura-de-Tela-2024-07-31-as-11.35.12-240x300.png 240w, https:\/\/mnemocine.com.br\/wp-content\/uploads\/2024\/07\/Captura-de-Tela-2024-07-31-as-11.35.12-768x961.png 768w, https:\/\/mnemocine.com.br\/wp-content\/uploads\/2024\/07\/Captura-de-Tela-2024-07-31-as-11.35.12-1228x1536.png 1228w, https:\/\/mnemocine.com.br\/wp-content\/uploads\/2024\/07\/Captura-de-Tela-2024-07-31-as-11.35.12-1637x2048.png 1637w, https:\/\/mnemocine.com.br\/wp-content\/uploads\/2024\/07\/Captura-de-Tela-2024-07-31-as-11.35.12.png 1990w\" sizes=\"auto, (max-width: 818px) 100vw, 818px\" \/><\/figure>\n<\/figure>\n","protected":false},"excerpt":{"rendered":"<p>Inscri\u00e7\u00f5es Abertas: Cr\u00edtica Curta \ud83d\udcbbEstudantes de cinema e \u00e1reas relacionadas, essa \u00e9 a sua chance de se aprofundar na cr\u00edtica cinematogr\u00e1fica com nossa oficina!Neste ano, o Kinoforum se une ao portal Mnemocine, que h\u00e1 24 anos \u00e9 refer\u00eancia em cr\u00edtica e pesquisa das imagens em movimento.A oficina ter\u00e1 4 aulas sobre cr\u00edtica cinematogr\u00e1fica, incluindo uma [&hellip;]<\/p>\n","protected":false},"author":1,"featured_media":66,"comment_status":"open","ping_status":"open","sticky":false,"template":"","format":"standard","meta":{"_monsterinsights_skip_tracking":false,"_monsterinsights_sitenote_active":false,"_monsterinsights_sitenote_note":"","_monsterinsights_sitenote_category":0,"_jetpack_memberships_contains_paid_content":false,"footnotes":""},"categories":[24],"tags":[],"class_list":["post-65","post","type-post","status-publish","format-standard","has-post-thumbnail","hentry","category-eventos"],"jetpack_featured_media_url":"https:\/\/mnemocine.com.br\/wp-content\/uploads\/2024\/07\/Captura-de-Tela-2024-07-31-as-11.13.59.png","jetpack_sharing_enabled":true,"_links":{"self":[{"href":"https:\/\/mnemocine.com.br\/index.php?rest_route=\/wp\/v2\/posts\/65","targetHints":{"allow":["GET"]}}],"collection":[{"href":"https:\/\/mnemocine.com.br\/index.php?rest_route=\/wp\/v2\/posts"}],"about":[{"href":"https:\/\/mnemocine.com.br\/index.php?rest_route=\/wp\/v2\/types\/post"}],"author":[{"embeddable":true,"href":"https:\/\/mnemocine.com.br\/index.php?rest_route=\/wp\/v2\/users\/1"}],"replies":[{"embeddable":true,"href":"https:\/\/mnemocine.com.br\/index.php?rest_route=%2Fwp%2Fv2%2Fcomments&post=65"}],"version-history":[{"count":6,"href":"https:\/\/mnemocine.com.br\/index.php?rest_route=\/wp\/v2\/posts\/65\/revisions"}],"predecessor-version":[{"id":220,"href":"https:\/\/mnemocine.com.br\/index.php?rest_route=\/wp\/v2\/posts\/65\/revisions\/220"}],"wp:featuredmedia":[{"embeddable":true,"href":"https:\/\/mnemocine.com.br\/index.php?rest_route=\/wp\/v2\/media\/66"}],"wp:attachment":[{"href":"https:\/\/mnemocine.com.br\/index.php?rest_route=%2Fwp%2Fv2%2Fmedia&parent=65"}],"wp:term":[{"taxonomy":"category","embeddable":true,"href":"https:\/\/mnemocine.com.br\/index.php?rest_route=%2Fwp%2Fv2%2Fcategories&post=65"},{"taxonomy":"post_tag","embeddable":true,"href":"https:\/\/mnemocine.com.br\/index.php?rest_route=%2Fwp%2Fv2%2Ftags&post=65"}],"curies":[{"name":"wp","href":"https:\/\/api.w.org\/{rel}","templated":true}]}}